{"id":412,"date":"2023-09-21T20:36:34","date_gmt":"2023-09-22T01:36:34","guid":{"rendered":"https:\/\/futbolizados.com\/detodo1poco\/?p=412"},"modified":"2023-09-21T20:36:39","modified_gmt":"2023-09-22T01:36:39","slug":"por-que-regalan-flores-amarillas-el-21-de-septiembre","status":"publish","type":"post","link":"https:\/\/futbolizados.com\/detodo1poco\/tendencias\/por-que-regalan-flores-amarillas-el-21-de-septiembre\/","title":{"rendered":"\u00bfPor Qu\u00e9 Regalan Flores Amarillas el 21 de Septiembre?"},"content":{"rendered":"\n<p>Si alguna vez te has preguntado \u00bfPor Qu\u00e9 Regalan Flores Amarillas el 21 de Septiembre? \u00bfpor qu\u00e9 el color amarillo y por qu\u00e9 esta fecha en particular?, este art\u00edculo te desvelar\u00e1 todos los detalles detr\u00e1s de esta tendencia global.<\/p>\n\n\n\n<p>El 21 de septiembre es una fecha que ha ganado notoriedad en todo el mundo debido a una encantadora tradici\u00f3n: regalar flores amarillas.<\/p>\n\n\n\n<h3 class=\"wp-block-heading\"><strong>Origen de la Tradici\u00f3n<\/strong><\/h3>\n\n\n\n<p>La costumbre de regalar flores amarillas el 21 de septiembre tiene sus ra\u00edces en una interesante mezcla de cultura pop y redes sociales. En particular, esta pr\u00e1ctica se vincula estrechamente con la popular plataforma TikTok y la novela argentina \u00abFloricienta\u00bb. La trama de esta serie relata la historia de una joven llamada Florencia, quien desde su infancia anhelaba recibir arreglos florales de color amarillo. A pesar de que la canci\u00f3n principal de la serie se lanz\u00f3 en 2004, experiment\u00f3 un resurgimiento gracias al poder de las redes sociales.<\/p>\n\n\n\n<p>La emblem\u00e1tica canci\u00f3n \u00abFlores Amarillas\u00bb contribuy\u00f3 a la popularizaci\u00f3n de esta tradici\u00f3n, llevando a millones de usuarios, en su mayor\u00eda en TikTok, a abrazar esta pr\u00e1ctica y compartirla el 21 de septiembre. As\u00ed, naci\u00f3 una hermosa iniciativa que trascendi\u00f3 fronteras y se extendi\u00f3 por todo el mundo.<\/p>\n\n\n\n<h3 class=\"wp-block-heading\"><strong>Significado de las Flores Amarillas en Septiembre<\/strong><\/h3>\n\n\n\n<p>\u00bfQu\u00e9 significado albergan las flores amarillas en este d\u00eda especial? Este gesto se carga de significado, y hay dos interpretaciones predominantes:<\/p>\n\n\n\n<ol class=\"wp-block-list\">\n<li><strong>Amor y Posibilidades Rom\u00e1nticas<\/strong>: Regalar flores amarillas a alguien puede simbolizar amor o un futuro compartido. En numerosos casos, esta costumbre ha dado pie a relaciones amorosas exitosas. Es un gesto que expresa inter\u00e9s rom\u00e1ntico y cari\u00f1o.<\/li>\n\n\n\n<li><strong>Celebraci\u00f3n y Reconocimiento<\/strong>: Algunas personas asocian el color amarillo de las flores con el reconocimiento de logros personales y profesionales, la fortificaci\u00f3n de la amistad, e incluso la celebraci\u00f3n de la alegr\u00eda y el regocijo de la vida cotidiana. Es un acto que fomenta la positividad y la apreciaci\u00f3n.<\/li>\n<\/ol>\n\n\n\n<p><strong>Diferentes Fechas en Diferentes Lugares<\/strong><\/p>\n\n\n\n<p>Mientras que en M\u00e9xico se ha adoptado el 21 de marzo como el d\u00eda para regalar flores amarillas, marcando as\u00ed el inicio de la primavera al igual que en el hemisferio norte, en pa\u00edses ubicados en el hemisferio sur, como Per\u00fa, la tradici\u00f3n se lleva a cabo el 21 de septiembre, coincidiendo con el comienzo de la primavera en esa regi\u00f3n.<\/p>\n\n\n\n<h3 class=\"wp-block-heading\"><strong>C\u00f3mo Crear Tus Propias Flores Amarillas<\/strong><\/h3>\n\n\n\n<p>Si eres una persona amante de las manualidades y deseas dar un toque personal a este gesto, aqu\u00ed tienes algunas ideas para crear tus propias flores amarillas:<\/p>\n\n\n\n<h3 class=\"wp-block-heading\"><strong>Flores de Papel<\/strong>:<\/h3>\n\n\n\n<ul class=\"wp-block-list\">\n<li>Utiliza papel de colores amarillos para cortar p\u00e9talos de flores de la forma que desees.<\/li>\n\n\n\n<li>Enrolla los p\u00e9talos para formar la flor y asegura el extremo con pegamento.<\/li>\n\n\n\n<li>Agrega un c\u00edrculo de papel amarillo en el centro como el coraz\u00f3n de la flor.<\/li>\n\n\n\n<li>Puedes hacer varias capas de p\u00e9talos para crear flores m\u00e1s grandes y vistosas.<\/li>\n<\/ul>\n\n\n\n<h3 class=\"wp-block-heading\"><strong>Flores de Tela<\/strong>:<\/h3>\n\n\n\n<ul class=\"wp-block-list\">\n<li>Corta trozos de tela amarilla en forma de p\u00e9talos.<\/li>\n\n\n\n<li>\u00danelos cosiendo o usando pegamento caliente.<\/li>\n\n\n\n<li>Agrega un c\u00edrculo de tela en el centro como el coraz\u00f3n de la flor.<\/li>\n\n\n\n<li>Experimenta con diferentes tama\u00f1os y formas para crear una variedad de flores.<\/li>\n<\/ul>\n\n\n\n<h3 class=\"wp-block-heading\"><strong>Flores de Cart\u00f3n<\/strong>:<\/h3>\n\n\n\n<ul class=\"wp-block-list\">\n<li>Corta p\u00e9talos de flores amarillas con cart\u00f3n.<\/li>\n\n\n\n<li>Pinta o decora los p\u00e9talos seg\u00fan tu preferencia.<\/li>\n\n\n\n<li>Ensambla las flores pegando los p\u00e9talos en un c\u00edrculo.<\/li>\n\n\n\n<li>A\u00f1ade detalles como el centro de la flor con papel amarillo o incluso botones.<\/li>\n<\/ul>\n\n\n\n<h3 class=\"wp-block-heading\"><strong>Ahora ya sabes por qu\u00e9 regalan flores amarillas el 21 de Septiembre&#8230;<\/strong><\/h3>\n\n\n\n<p>En conclusi\u00f3n, regalar flores amarillas el 21 de septiembre es una tradici\u00f3n que ha logrado conectar a personas de todo el mundo, record\u00e1ndonos la importancia de compartir amor, alegr\u00eda y aprecio en nuestras vidas y relaciones. Ya sea comprando flores amarillas o creando tus propias obras de arte florales, esta pr\u00e1ctica se ha convertido en una hermosa expresi\u00f3n de afecto y gratitud en la era moderna.<\/p>\n","protected":false},"excerpt":{"rendered":"<p>Si alguna vez te has preguntado \u00bfPor Qu\u00e9 Regalan Flores Amarillas el 21 de Septiembre? \u00bfpor qu\u00e9 el color amarillo y por qu\u00e9 esta fecha en particular?, este art\u00edculo te desvelar\u00e1 todos los detalles detr\u00e1s de esta tendencia global. El 21 de septiembre es una fecha que ha ganado notoriedad en todo el mundo debido [&hellip;]<\/p>\n","protected":false},"author":1,"featured_media":418,"comment_status":"open","ping_status":"open","sticky":false,"template":"","format":"standard","meta":{"footnotes":""},"categories":[80],"tags":[],"class_list":["post-412","post","type-post","status-publish","format-standard","has-post-thumbnail","hentry","category-tendencias"],"_links":{"self":[{"href":"https:\/\/futbolizados.com\/detodo1poco\/wp-json\/wp\/v2\/posts\/412","targetHints":{"allow":["GET"]}}],"collection":[{"href":"https:\/\/futbolizados.com\/detodo1poco\/wp-json\/wp\/v2\/posts"}],"about":[{"href":"https:\/\/futbolizados.com\/detodo1poco\/wp-json\/wp\/v2\/types\/post"}],"author":[{"embeddable":true,"href":"https:\/\/futbolizados.com\/detodo1poco\/wp-json\/wp\/v2\/users\/1"}],"replies":[{"embeddable":true,"href":"https:\/\/futbolizados.com\/detodo1poco\/wp-json\/wp\/v2\/comments?post=412"}],"version-history":[{"count":1,"href":"https:\/\/futbolizados.com\/detodo1poco\/wp-json\/wp\/v2\/posts\/412\/revisions"}],"predecessor-version":[{"id":416,"href":"https:\/\/futbolizados.com\/detodo1poco\/wp-json\/wp\/v2\/posts\/412\/revisions\/416"}],"wp:featuredmedia":[{"embeddable":true,"href":"https:\/\/futbolizados.com\/detodo1poco\/wp-json\/wp\/v2\/media\/418"}],"wp:attachment":[{"href":"https:\/\/futbolizados.com\/detodo1poco\/wp-json\/wp\/v2\/media?parent=412"}],"wp:term":[{"taxonomy":"category","embeddable":true,"href":"https:\/\/futbolizados.com\/detodo1poco\/wp-json\/wp\/v2\/categories?post=412"},{"taxonomy":"post_tag","embeddable":true,"href":"https:\/\/futbolizados.com\/detodo1poco\/wp-json\/wp\/v2\/tags?post=412"}],"curies":[{"name":"wp","href":"https:\/\/api.w.org\/{rel}","templated":true}]}}